{"id":27963,"date":"2026-01-06T00:31:06","date_gmt":"2026-01-06T00:31:06","guid":{"rendered":"https:\/\/www.croisette-international.com\/blog\/locataire-et-taxe-fonciere\/"},"modified":"2026-01-07T13:42:49","modified_gmt":"2026-01-07T13:42:49","slug":"locataire-et-taxe-fonciere","status":"publish","type":"post","link":"https:\/\/www.croisette-international.com\/blog\/locataire-et-taxe-fonciere\/","title":{"rendered":"Locataire et Taxe Fonci\u00e8re : Responsabilit\u00e9s et Obligations"},"content":{"rendered":"<p>Saviez-vous que de nombreux occupants d&rsquo;un logement se trompent sur leurs obligations fiscales ? Cette m\u00e9prise peut entra\u00eener des conflits co\u00fbteux avec le bailleur.<\/p>\n<p>La question de la <strong>taxe<\/strong> fonci\u00e8re g\u00e9n\u00e8re souvent de la confusion. Beaucoup ignorent qui doit r\u00e9ellement s&rsquo;en acquitter. Nous allons clarifier cette situation d\u00e9licate.<\/p>\n<p>Le <strong>propri\u00e9taire<\/strong> est l\u00e9galement responsable de cet imp\u00f4t local. Cependant, certaines situations particuli\u00e8res peuvent modifier cette r\u00e8gle g\u00e9n\u00e9rale. Il est crucial de comprendre ces nuances.<\/p>\n<p>Cet article \u00e9claire les droits et devoirs de chaque partie. Il vise \u00e0 pr\u00e9venir les malentendus entre bailleurs et occupants. Une connaissance pr\u00e9cise \u00e9vite bien des d\u00e9sagr\u00e9ments.<\/p>\n<h3>Points Cl\u00e9s \u00e0 Retenir<\/h3>\n<ul>\n<li>Le propri\u00e9taire est g\u00e9n\u00e9ralement responsable du paiement de la taxe fonci\u00e8re<\/li>\n<li>Certains baux sp\u00e9cifiques peuvent pr\u00e9voir un partage des charges<\/li>\n<li>La confusion sur cette question est fr\u00e9quente parmi les occupants<\/li>\n<li>Une clarification pr\u00e9alable \u00e9vite les conflits ult\u00e9rieurs<\/li>\n<li>Les r\u00e8gles peuvent varier selon le type de location<\/li>\n<li>Il existe des situations exceptionnelles o\u00f9 les responsabilit\u00e9s changent<\/li>\n<li>La connaissance de ses obligations prot\u00e8ge ses int\u00e9r\u00eats<\/li>\n<\/ul>\n<h2>Introduction et Contexte de la Taxe Fonci\u00e8re<\/h2>\n<p>La fiscalit\u00e9 immobili\u00e8re en France s&rsquo;articule autour de diff\u00e9rents pr\u00e9l\u00e8vements destin\u00e9s aux collectivit\u00e9s territoriales. Ces contributions financi\u00e8res permettent de soutenir les services publics locaux et les infrastructures communales.<\/p>\n<p><img loading=\"lazy\" decoding=\"async\" src=\"https:\/\/www.croisette-international.com\/blog\/wp-content\/uploads\/2026\/01\/A-thoughtful-illustration-focusing-on-the-concept-of-taxe-fonciere-in-a-serene-urban-setting-1024x585.jpeg\" alt=\"A thoughtful illustration focusing on the concept of &quot;taxe fonci\u00e8re&quot; in a serene urban setting. Foreground features a modest apartment building with a welcoming entrance, symbolizing residential life. In the middle, a diverse group of professionals dressed in business attire discusses a set of documents, highlighting the idea of responsibility and obligations related to local taxes. The background showcases a sunny day with a clear blue sky, overlaid with subtle architectural details of various local buildings, signifying the broader context of taxation. Soft, natural lighting casts gentle shadows, creating a calm atmosphere that encourages contemplation of civic responsibilities. The image captures a balance of information and engagement, evoking a sense of community mindfulness about property taxes.\" title=\"A thoughtful illustration focusing on the concept of &quot;taxe fonci\u00e8re&quot; in a serene urban setting. Foreground features a modest apartment building with a welcoming entrance, symbolizing residential life. In the middle, a diverse group of professionals dressed in business attire discusses a set of documents, highlighting the idea of responsibility and obligations related to local taxes. The background showcases a sunny day with a clear blue sky, overlaid with subtle architectural details of various local buildings, signifying the broader context of taxation. Soft, natural lighting casts gentle shadows, creating a calm atmosphere that encourages contemplation of civic responsibilities. The image captures a balance of information and engagement, evoking a sense of community mindfulness about property taxes.\" width=\"1024\" height=\"585\" class=\"aligncenter size-large wp-image-27965\" srcset=\"https:\/\/www.croisette-international.com\/blog\/wp-content\/uploads\/2026\/01\/A-thoughtful-illustration-focusing-on-the-concept-of-taxe-fonciere-in-a-serene-urban-setting-980x560.jpeg 980w, https:\/\/www.croisette-international.com\/blog\/wp-content\/uploads\/2026\/01\/A-thoughtful-illustration-focusing-on-the-concept-of-taxe-fonciere-in-a-serene-urban-setting-480x274.jpeg 480w\" sizes=\"(min-width: 0px) and (max-width: 480px) 480px, (min-width: 481px) and (max-width: 980px) 980px, (min-width: 981px) 1024px, 100vw\" \/><\/p>\n<p>Parmi ces <strong>imp\u00f4ts<\/strong> locaux, certains concernent directement les <strong>propri\u00e9t\u00e9s<\/strong> b\u00e2ties et non b\u00e2ties. Ils constituent une source de revenus essentielle pour les municipalit\u00e9s et autres entit\u00e9s territoriales.<\/p>\n<h3>Pr\u00e9sentation g\u00e9n\u00e9rale du sujet<\/h3>\n<p>Cette <strong>taxe<\/strong> sp\u00e9cifique fait partie des pr\u00e9l\u00e8vements effectu\u00e9s par le Tr\u00e9sor Public. Elle b\u00e9n\u00e9ficie principalement aux collectivit\u00e9s locales, au m\u00eame titre que d&rsquo;autres contributions comme celle li\u00e9e \u00e0 l&rsquo;enl\u00e8vement des ordures m\u00e9nag\u00e8res.<\/p>\n<p>Le syst\u00e8me fiscal immobilier repose sur plusieurs piliers fondamentaux. Chaque <strong>bien immobilier<\/strong> g\u00e9n\u00e8re des obligations financi\u00e8res distinctes selon sa nature et son usage.<\/p>\n<p>La compr\u00e9hension de ce paysage fiscal est cruciale pour tout d\u00e9tenteur de patrimoine. Elle \u00e9vite les malentendus et permet une gestion \u00e9clair\u00e9e des charges li\u00e9es \u00e0 la possession.<\/p>\n<p>Cette <strong>taxe fonci\u00e8re<\/strong> soul\u00e8ve fr\u00e9quemment des interrogations chez les diff\u00e9rents acteurs immobiliers. Sa place dans l&rsquo;\u00e9cosyst\u00e8me des <strong>imp\u00f4ts<\/strong> locaux m\u00e9rite une explication claire.<\/p>\n<h2>Qu&rsquo;est-ce que la Taxe Fonci\u00e8re ?<\/h2>\n<p>Chaque ann\u00e9e, les possesseurs de biens immobiliers doivent s&rsquo;acquitter d&rsquo;une contribution destin\u00e9e au financement des services publics locaux. Ce pr\u00e9l\u00e8vement annuel concerne toutes les propri\u00e9t\u00e9s d\u00e9tenues au 1er janvier de l&rsquo;ann\u00e9e d&rsquo;imposition.<\/p>\n<h3>D\u00e9finition et Objectif<\/h3>\n<p>L&rsquo;imp\u00f4t local sur les propri\u00e9t\u00e9s b\u00e2ties s&rsquo;applique aux constructions fix\u00e9es au sol de mani\u00e8re permanente. Ces \u00e9difices doivent pr\u00e9senter les caract\u00e9ristiques d&rsquo;un v\u00e9ritable b\u00e2timent.<\/p>\n<p>L&rsquo;objectif principal de cette contribution est de financer le budget des collectivit\u00e9s territoriales. Les communes, d\u00e9partements et r\u00e9gions utilisent ces ressources pour leurs services publics.<\/p>\n<h3>M\u00e9thodes de Calcul et Imposition<\/h3>\n<p>Le calcul repose sur la valeur locative cadastrale du logement. Cette valeur correspond au loyer th\u00e9orique que pourrait percevoir un propri\u00e9taire.<\/p>\n<p>On applique un abattement de 50% \u00e0 cette estimation. Le r\u00e9sultat est ensuite multipli\u00e9 par les taux d&rsquo;imposition vot\u00e9s par chaque collectivit\u00e9.<\/p>\n<p>Les valeurs locatives sont r\u00e9vis\u00e9es annuellement par l&rsquo;administration. Les taux peuvent varier consid\u00e9rablement d&rsquo;une commune \u00e0 l&rsquo;autre.<\/p>\n<p>Ce pr\u00e9l\u00e8vement concerne aussi bien les propri\u00e9t\u00e9s occup\u00e9es par leur d\u00e9tenteur que celles mises en location. Cette universalit\u00e9 explique son importance dans le paysage fiscal fran\u00e7ais.<\/p>\n<h2>R\u00f4le et Responsabilit\u00e9s du Propri\u00e9taire<\/h2>\n<p>La responsabilit\u00e9 l\u00e9gale concernant cet imp\u00f4t local incombe exclusivement au d\u00e9tenteur du bien. Cette obligation d\u00e9coule directement de la loi du 6 juillet 1989 qui r\u00e9git les relations locatives.<\/p>\n<h3>Modalit\u00e9s de paiement et \u00e9ch\u00e9ances<\/h3>\n<p>Le <strong>propri\u00e9taire<\/strong> re\u00e7oit l&rsquo;<strong>avis<\/strong> d&rsquo;imposition au troisi\u00e8me trimestre de l&rsquo;<strong>ann\u00e9e<\/strong>. Ce document inclut \u00e9galement la contribution pour l&rsquo;enl\u00e8vement des ordures m\u00e9nag\u00e8res.<\/p>\n<p>Les \u00e9ch\u00e9ances pour <strong>payer taxe fonci\u00e8re<\/strong> se situent entre septembre et octobre. L&rsquo;option de mensualisation permet de r\u00e9partir cette charge sur douze mois.<\/p>\n<p>Cette planification financi\u00e8re est essentielle pour une gestion sereine du patrimoine immobilier. Elle \u00e9vite les surprises en fin d&rsquo;<strong>ann\u00e9e<\/strong>.<\/p>\n<h3>Cons\u00e9quences en cas de vente<\/h3>\n<p>Lors d&rsquo;une transaction immobili\u00e8re, le <strong>propri\u00e9taire<\/strong> au 1er <strong>janvier<\/strong> reste redevable de la totalit\u00e9 de l&rsquo;imp\u00f4t. Cette r\u00e8gle s&rsquo;applique m\u00eame si la vente intervient plus tard dans l&rsquo;<strong>ann\u00e9e<\/strong>.<\/p>\n<p>Un arrangement priv\u00e9 <strong>peut \u00eatre<\/strong> n\u00e9goci\u00e9 entre les parties. Dans ce <strong>cas<\/strong>, la r\u00e9partition se fait g\u00e9n\u00e9ralement au prorata temporis.<\/p>\n<p>Par <strong>exemple<\/strong>, pour une vente le 30 mai, l&rsquo;ancien d\u00e9tenteur assume 5\/12e du montant. Le nouvel acqu\u00e9reur prend en charge les 7\/12e restants.<\/p>\n<p>Cette clause doit figurer explicitement dans l&rsquo;acte de vente. Elle n&rsquo;affecte pas la relation avec l&rsquo;administration fiscale qui continue d&rsquo;adresser l&rsquo;<strong>avis<\/strong> au d\u00e9tenteur au 1er <strong>janvier<\/strong>.<\/p>\n<p>Comprendre ces m\u00e9canismes est crucial lorsqu&rsquo;on envisage un <a href=\"https:\/\/www.croisette-international.com\/blog\/taux-credit-immobilier-2025-perceptives-2026\/\" target=\"_blank\">projet d&rsquo;acquisition immobili\u00e8re<\/a>. Cela permet d&rsquo;anticiper correctement les charges li\u00e9es \u00e0 la propri\u00e9t\u00e9.<\/p>\n<h2>Locataire et Taxe Fonci\u00e8re : Responsabilit\u00e9s et Cas Particuliers<\/h2>\n<p>Certaines situations particuli\u00e8res peuvent cr\u00e9er des ambigu\u00eft\u00e9s dans la r\u00e9partition des charges. Il est crucial de comprendre les distinctions l\u00e9gales.<\/p>\n<h3>Distinction avec la taxe d&rsquo;enl\u00e8vement des ordures m\u00e9nag\u00e8res<\/h3>\n<p>La <strong>taxe fonci\u00e8re<\/strong> reste \u00e0 la charge exclusive du propri\u00e9taire. En revanche, la <strong>taxe d&rsquo;enl\u00e8vement des ordures m\u00e9nag\u00e8res<\/strong> peut \u00eatre r\u00e9cup\u00e9r\u00e9e aupr\u00e8s de l&rsquo;occupant.<\/p>\n<p>Cette diff\u00e9rence s&rsquo;explique par la nature des services. La TEOM correspond \u00e0 un service dont b\u00e9n\u00e9ficie directement la personne qui habite le logement.<\/p>\n<p>Contrairement \u00e0 la <strong>taxe enl\u00e8vement ordures<\/strong>, l&rsquo;imp\u00f4t sur la propri\u00e9t\u00e9 ne peut \u00eatre r\u00e9percut\u00e9. Cette r\u00e8gle prot\u00e8ge les droits des occupants.<\/p>\n<h3>Clauses sp\u00e9cifiques dans le contrat de location<\/h3>\n<p>Aucune clause dans un <strong>bail d&rsquo;habitation<\/strong> ne peut imposer le paiement de la <strong>taxe fonci\u00e8re<\/strong>. Une telle stipulation serait consid\u00e9r\u00e9e comme nulle.<\/p>\n<p>Les charges r\u00e9cup\u00e9rables sont strictement d\u00e9finies par la loi. La <strong>taxe d&rsquo;enl\u00e8vement des ordures<\/strong> figure parmi elles, mais pas l&rsquo;imp\u00f4t sur la propri\u00e9t\u00e9.<\/p>\n<p>Si un propri\u00e9taire demande une participation ill\u00e9gitime, l&rsquo;occupant peut refuser. Il est recommand\u00e9 de consulter un professionnel en cas de litige.<\/p>\n<p>Cette protection l\u00e9gale assure une r\u00e9partition \u00e9quitable des contributions. Elle \u00e9vite les abus dans la gestion locative.<\/p>\n<h2>Impact des Travaux et de la R\u00e9novation sur la Taxe Fonci\u00e8re<\/h2>\n<p>Investir dans l&rsquo;am\u00e9lioration d&rsquo;un <strong>bien<\/strong> immobilier a des cons\u00e9quences directes sur sa fiscalit\u00e9. Les <strong>travaux<\/strong> r\u00e9alis\u00e9s peuvent modifier significativement le montant de l&rsquo;imp\u00f4t local.<\/p>\n<p>Toute transformation importante doit \u00eatre d\u00e9clar\u00e9e \u00e0 l&rsquo;administration. Cette obligation concerne particuli\u00e8rement les agrandissements et restaurations.<\/p>\n<h3>Influence des r\u00e9novations \u00e9nerg\u00e9tiques<\/h3>\n<p>Les propri\u00e9taires b\u00e9n\u00e9ficient d&rsquo;avantages fiscaux pour les <strong>travaux<\/strong> d&rsquo;\u00e9conomie d&rsquo;\u00e9nergie. Une exon\u00e9ration de 50% \u00e0 100% est possible pendant trois <strong>ans<\/strong>.<\/p>\n<p>Pour en profiter, le montant des <strong>travaux<\/strong> doit d\u00e9passer 10 000\u20ac. Les documents justificatifs sont \u00e0 transmettre au centre des imp\u00f4ts.<\/p>\n<p>Cette mesure s&rsquo;applique aux <strong>logements<\/strong> achev\u00e9s depuis 1989. Elle encourage les <a href=\"https:\/\/www.croisette-international.com\/blog\/renovation-villa-luxe-contemporaine\/\" target=\"_blank\">r\u00e9novations \u00e9cologiques<\/a> tout en r\u00e9duisant la charge fiscale.<\/p>\n<h3>Modification de la valeur cadastrale<\/h3>\n<p>Les am\u00e9nagements augmentent g\u00e9n\u00e9ralement la <strong>valeur<\/strong> locative du <strong>logement<\/strong>. Cette r\u00e9\u00e9valuation impacte le calcul de l&rsquo;imposition.<\/p>\n<p>Il est crucial d&rsquo;anticiper ces changements avant d&rsquo;entreprendre des <strong>travaux<\/strong> importants. Certaines modifications peuvent majorer significativement la contribution annuelle.<\/p>\n<p>La d\u00e9claration des transformations permet une estimation juste de la <strong>valeur<\/strong> cadastrale. Elle \u00e9vite les redressements fiscaux ult\u00e9rieurs.<\/p>\n<h2>Exon\u00e9rations et All\u00e8gements Fiscaux<\/h2>\n<p>Des exon\u00e9rations existent pour att\u00e9nuer le poids de cet imp\u00f4t local sur les m\u00e9nages les plus fragiles. Le l\u00e9gislateur a pr\u00e9vu plusieurs dispositifs d&rsquo;all\u00e8gement selon les situations.<\/p>\n<h3>Exon\u00e9rations li\u00e9es \u00e0 la situation personnelle<\/h3>\n<p>Les personnes \u00e2g\u00e9es de plus de 75 <strong>ans<\/strong> peuvent \u00eatre totalement exon\u00e9r\u00e9es. Cette mesure s&rsquo;applique sous certaines <strong>conditions<\/strong> de ressources.<\/p>\n<p>Le revenu fiscal de r\u00e9f\u00e9rence ne doit pas d\u00e9passer 11 885\u20ac pour une personne seule. Pour un couple, le plafond est de 18 233\u20ac.<\/p>\n<p>Les contribuables entre 65 et 75 <strong>ans<\/strong> b\u00e9n\u00e9ficient d&rsquo;une r\u00e9duction de 100\u20ac. Les titulaires de l&rsquo;<strong>allocation<\/strong> de solidarit\u00e9 aux personnes \u00e2g\u00e9es sont aussi concern\u00e9s.<\/p>\n<h3>R\u00e9ductions pour les logements neufs et r\u00e9nov\u00e9s<\/h3>\n<p>Les <strong>logements<\/strong> neufs profitent d&rsquo;une exon\u00e9ration temporaire de deux <strong>ans<\/strong>. Ce d\u00e9lai commence \u00e0 partir de l&rsquo;ach\u00e8vement de la construction.<\/p>\n<p>Cette disposition s&rsquo;applique que le bien soit occup\u00e9 par le propri\u00e9taire ou mis en location. Les d\u00e9marches s&rsquo;effectuent aupr\u00e8s du centre des <strong>imp\u00f4ts<\/strong>.<\/p>\n<p>Les b\u00e9n\u00e9ficiaires de l&rsquo;<strong>allocation<\/strong> suppl\u00e9mentaire d&rsquo;invalidit\u00e9 peuvent \u00e9galement \u00eatre exon\u00e9r\u00e9s. Il faut respecter les <strong>conditions<\/strong> l\u00e9gales pour en profiter.<\/p>\n<h2>Particularit\u00e9s pour les Logements Vacants et en Zone \u00e0 Risque<\/h2>\n<p>Les propri\u00e9taires confront\u00e9s \u00e0 une absence de locataire peuvent solliciter un all\u00e8gement de leur charge fiscale. Cette situation particuli\u00e8re concerne les habitations destin\u00e9es \u00e0 la location qui restent inoccup\u00e9es.<\/p>\n<p>Pour obtenir une r\u00e9duction, plusieurs <strong>conditions<\/strong> doivent \u00eatre remplies. La vacance doit \u00eatre ind\u00e9pendante de votre volont\u00e9 et durer au moins trois mois cons\u00e9cutifs.<\/p>\n<p>Le <strong>logement<\/strong> doit \u00eatre propos\u00e9 en location nue, excluant les locations meubl\u00e9es. La vacance doit concerner l&rsquo;int\u00e9gralit\u00e9 du bien ou sa partie locative.<\/p>\n<p>La d\u00e9marche consiste \u00e0 adresser une r\u00e9clamation au centre des imp\u00f4ts. Il faut fournir des preuves comme des annonces de <strong>location<\/strong> et des refus de candidats.<\/p>\n<p>Pour les habitations en zone \u00e0 risque, des r\u00e9ductions de 15% \u00e0 50% <strong>peuvent \u00eatre<\/strong> accord\u00e9es. Ce <strong>cas<\/strong> s&rsquo;applique aux <strong>logements<\/strong> pr\u00e8s de sites Seveso ou dans des plans de pr\u00e9vention.<\/p>\n<p>Les zones technologiques b\u00e9n\u00e9ficient de 15% \u00e0 30% de r\u00e9duction. Les risques miniers permettent jusqu&rsquo;\u00e0 50% d&rsquo;all\u00e8gement. Ces dispositifs compensent les contraintes subies par les propri\u00e9taires.<\/p>\n<h2>Fiscalit\u00e9 dans les Cas de D\u00e9membrement de Propri\u00e9t\u00e9<\/h2>\n<p>Le d\u00e9membrement de <strong>propri\u00e9t\u00e9<\/strong> repr\u00e9sente une configuration juridique fr\u00e9quente dans les transmissions patrimoniales. Cette situation intervient souvent lors de successions, donations ou strat\u00e9gies d&rsquo;investissement immobilier.<\/p>\n<h3>Responsabilit\u00e9s de l&rsquo;usufruitier<\/h3>\n<p>Le d\u00e9membrement s\u00e9pare la <strong>propri\u00e9t\u00e9<\/strong> en deux \u00e9l\u00e9ments distincts. La nue-propri\u00e9t\u00e9 conf\u00e8re le <strong>droit<\/strong> de disposer du <strong>bien<\/strong>, tandis que l&rsquo;usufruit permet son usage et la perception des revenus.<\/p>\n<p>Contrairement au principe g\u00e9n\u00e9ral o\u00f9 le <strong>propri\u00e9taire<\/strong> plein assume la <strong>taxe fonci\u00e8re<\/strong>, cette charge revient \u00e0 l&rsquo;usufruitier. Cette r\u00e8gle s&rsquo;applique car l&rsquo;usufruitier jouit effectivement du <strong>bien<\/strong>, soit par son occupation, soit par la collecte des loyers.<\/p>\n<p>L&rsquo;obligation persiste pendant toute la dur\u00e9e de l&rsquo;usufruit. Elle cesse \u00e0 son extinction, g\u00e9n\u00e9ralement au d\u00e9c\u00e8s de l&rsquo;usufruitier, ou lors de la r\u00e9union avec la nue-propri\u00e9t\u00e9.<\/p>\n<p>Il est crucial de clarifier cette responsabilit\u00e9 dans les actes notari\u00e9s. Une d\u00e9finition pr\u00e9cise \u00e9vite les conflits entre nu-propri\u00e9taire et usufruitier concernant le paiement de la <strong>taxe fonci\u00e8re<\/strong>.<\/p>\n<h2>La R\u00e9partition des Charges en Bail Professionnel et Commercial<\/h2>\n<p>Contrairement aux locations d&rsquo;habitation, les contrats professionnels permettent une r\u00e9partition diff\u00e9rente des imp\u00f4ts locaux. Ces baux \u00e9chappent \u00e0 la loi protectrice de 1989.<\/p>\n<h3>Clauses de r\u00e9partition et justifications<\/h3>\n<p>Le <strong>bail<\/strong> professionnel dure au minimum six ans. Il n&rsquo;offre pas de droit au renouvellement automatique. Le <strong>bail<\/strong> commercial s&rsquo;\u00e9tend sur neuf ans minimum.<\/p>\n<p>En l&rsquo;absence de clause sp\u00e9cifique, le <strong>propri\u00e9taire<\/strong> supporte l&rsquo;imp\u00f4t. Les <strong>parties<\/strong> peuvent ins\u00e9rer une clause de r\u00e9partition d\u00e9taill\u00e9e.<\/p>\n<p>Cette clause doit pr\u00e9ciser la liste des taxes concern\u00e9es. Elle indique le mode de ventilation entre les <strong>parties<\/strong>. Une r\u00e9partition au prorata temporis est recommand\u00e9e.<\/p>\n<h3>Cas des professions lib\u00e9rales et baux sp\u00e9cifiques<\/h3>\n<p>Les professions lib\u00e9rales utilisent souvent le <strong>bail<\/strong> professionnel. Ce type de contrat offre moins de protection que le <strong>bail<\/strong> commercial.<\/p>\n<p>Le <strong>bail<\/strong> commercial conf\u00e8re un droit \u00e0 la propri\u00e9t\u00e9 commerciale. Il assure davantage de garanties de maintien dans les lieux.<\/p>\n<p>Le <strong>propri\u00e9taire<\/strong> doit fournir une copie de l&rsquo;<strong>avis<\/strong> d&rsquo;imposition. \u00c0 partir de 2026, un code 2D-Doc s\u00e9curisera les justificatifs.<\/p>\n<h2>\u00c9volutions R\u00e9centes et Impacts de l&rsquo;Inflation sur la Taxe Fonci\u00e8re<\/h2>\n<p>Une hausse historique a frapp\u00e9 les contribuables propri\u00e9taires lors de la derni\u00e8re p\u00e9riode d&rsquo;imposition. L&rsquo;ann\u00e9e 2023 a marqu\u00e9 un tournant avec des augmentations spectaculaires apr\u00e8s des hausses mod\u00e9r\u00e9es observ\u00e9es pr\u00e9c\u00e9demment.<\/p>\n<h3>Augmentations observ\u00e9es en 2023<\/h3>\n<p>Le <strong>montant<\/strong> de la contribution fonci\u00e8re a connu une progression exceptionnelle. Cette situation r\u00e9sulte principalement de la nouvelle m\u00e9thode de calcul et de l&rsquo;indexation automatique sur les prix \u00e0 la consommation.<\/p>\n<p>L&rsquo;inflation record de 2022-2023 s&rsquo;est directement r\u00e9percut\u00e9e sur les valeurs locatives cadastrales. Cette m\u00e9canique a entra\u00een\u00e9 une majoration importante des sommes dues.<\/p>\n<p>Les exemples concrets illustrent cette tendance nationale :<\/p>\n<ul>\n<li>Marseille : +13%<\/li>\n<li>Tours : +11,6%<\/li>\n<li>Nantes : +7,8%<\/li>\n<li>Paris : +50%<\/li>\n<\/ul>\n<p>Les collectivit\u00e9s territoriales, confront\u00e9es \u00e0 l&rsquo;augmentation de leurs co\u00fbts, ont parfois major\u00e9 leurs taux d&rsquo;<strong>imposition<\/strong>. Cet effet cumulatif alourdit significativement la charge des <strong>propri\u00e9taires<\/strong>.<\/p>\n<p>Cette \u00e9volution impacte la rentabilit\u00e9 des investissements locatifs. Les perspectives pour les prochaines <strong>ann\u00e9es<\/strong> d\u00e9pendront du maintien ou non de l&rsquo;inflation \u00e9lev\u00e9e.<\/p>\n<h2>Conclusion<\/h2>\n<p>Une relation locative harmonieuse repose sur une compr\u00e9hension mutuelle des obligations financi\u00e8res. Cet article a clarifi\u00e9 les responsabilit\u00e9s respectives concernant les <strong>imp\u00f4ts<\/strong> locaux, un sujet souvent source de confusion.<\/p>\n<p>Le principe fondamental reste inchang\u00e9 : dans un <strong>bail<\/strong> d&rsquo;<strong>habitation<\/strong>, le <strong>locataire<\/strong> n&rsquo;est jamais redevable de la <strong>taxe<\/strong> fonci\u00e8re. Cette charge incombe exclusivement au d\u00e9tenteur du <strong>bien<\/strong>.<\/p>\n<p>Les exceptions concernent principalement les locations professionnelles o\u00f9 des clauses contractuelles sp\u00e9cifiques peuvent modifier cette r\u00e8gle. Il est crucial pour chaque <strong>locataire<\/strong> de conna\u00eetre ses droits et de distinguer cette <strong>taxe<\/strong> des charges r\u00e9cup\u00e9rables.<\/p>\n<p>Une connaissance pr\u00e9cise de ces r\u00e8gles fiscales favorise des relations transparentes entre toutes les parties. Elle pr\u00e9vient les malentendus et contribue \u00e0 une gestion sereine de tout <strong>logement<\/strong>.<\/p>\n","protected":false},"excerpt":{"rendered":"<p>Locataire et taxe fonci\u00e8re : Qui est responsable du paiement ? Apprenez-en plus sur les obligations des locataires et la taxe fonci\u00e8re en France.<\/p>\n","protected":false},"author":1,"featured_media":27964,"comment_status":"closed","ping_status":"closed","sticky":false,"template":"","format":"standard","meta":{"footnotes":""},"categories":[8],"tags":[],"class_list":["post-27963","post","type-post","status-publish","format-standard","has-post-thumbnail","hentry","category-acheter-investir"],"_links":{"self":[{"href":"https:\/\/www.croisette-international.com\/blog\/wp-json\/wp\/v2\/posts\/27963","targetHints":{"allow":["GET"]}}],"collection":[{"href":"https:\/\/www.croisette-international.com\/blog\/wp-json\/wp\/v2\/posts"}],"about":[{"href":"https:\/\/www.croisette-international.com\/blog\/wp-json\/wp\/v2\/types\/post"}],"author":[{"embeddable":true,"href":"https:\/\/www.croisette-international.com\/blog\/wp-json\/wp\/v2\/users\/1"}],"replies":[{"embeddable":true,"href":"https:\/\/www.croisette-international.com\/blog\/wp-json\/wp\/v2\/comments?post=27963"}],"version-history":[{"count":1,"href":"https:\/\/www.croisette-international.com\/blog\/wp-json\/wp\/v2\/posts\/27963\/revisions"}],"predecessor-version":[{"id":27966,"href":"https:\/\/www.croisette-international.com\/blog\/wp-json\/wp\/v2\/posts\/27963\/revisions\/27966"}],"wp:featuredmedia":[{"embeddable":true,"href":"https:\/\/www.croisette-international.com\/blog\/wp-json\/wp\/v2\/media\/27964"}],"wp:attachment":[{"href":"https:\/\/www.croisette-international.com\/blog\/wp-json\/wp\/v2\/media?parent=27963"}],"wp:term":[{"taxonomy":"category","embeddable":true,"href":"https:\/\/www.croisette-international.com\/blog\/wp-json\/wp\/v2\/categories?post=27963"},{"taxonomy":"post_tag","embeddable":true,"href":"https:\/\/www.croisette-international.com\/blog\/wp-json\/wp\/v2\/tags?post=27963"}],"curies":[{"name":"wp","href":"https:\/\/api.w.org\/{rel}","templated":true}]}}